{"id":94,"date":"2023-12-26T15:07:09","date_gmt":"2023-12-26T15:07:09","guid":{"rendered":"https:\/\/36-15graphisme.fr\/blog\/?p=94"},"modified":"2025-07-31T15:45:08","modified_gmt":"2025-07-31T15:45:08","slug":"construire-une-typographie","status":"publish","type":"post","link":"https:\/\/3615graphisme.fr\/minitel\/construire-une-typographie\/","title":{"rendered":"Construire une typographie"},"content":{"rendered":"\t\t<div data-elementor-type=\"wp-post\" data-elementor-id=\"94\" class=\"elementor elementor-94\">\n\t\t\t\t<div class=\"elementor-element elementor-element-a828fad e-flex e-con-boxed e-con e-parent\" data-id=\"a828fad\" data-element_type=\"container\" data-e-type=\"container\">\n\t\t\t\t\t<div class=\"e-con-inner\">\n\t\t\t\t<div class=\"elementor-element elementor-element-dd81402 elementor-widget elementor-widget-heading\" data-id=\"dd81402\" data-element_type=\"widget\" data-e-type=\"widget\" data-widget_type=\"heading.default\">\n\t\t\t\t\t<h2 class=\"elementor-heading-title elementor-size-default\">Construire sa typo<\/h2>\t\t\t\t<\/div>\n\t\t\t\t<div class=\"elementor-element elementor-element-1a40102 elementor-widget elementor-widget-text-editor\" data-id=\"1a40102\" data-element_type=\"widget\" data-e-type=\"widget\" data-widget_type=\"text-editor.default\">\n\t\t\t\t\t\t\t\t\t<p>La typo, c&rsquo;est la vie, en choisir une \u00e7a prend du temps, on cherche, on h\u00e9site, on tergiverse. puis finalement, on fait comme tout le monde et on prend Helvetica.<\/p><p>\u00a0<\/p><p>Et si la solution, c&rsquo;\u00e9tait de la cr\u00e9er la typo qu&rsquo;on ne trouve pas ? gr\u00e2ce au conseil de l&rsquo;excellent <a href=\"https:\/\/www.thierryfetiveau.fr\/cms\/index.php?page=andersen-making-of\" target=\"_blank\" rel=\"noopener\">Thierry Fetiveau<\/a> mais aussi au travail de <a href=\"https:\/\/www.deviantart.com\/martinsilvertant\" target=\"_blank\" rel=\"noopener\">martin silvertant<\/a> pourquoi ne pas passer le cap ?\u00a0<\/p>\t\t\t\t\t\t\t\t<\/div>\n\t\t\t\t\t<\/div>\n\t\t\t\t<\/div>\n\t\t\t\t<\/div>\n\t\t","protected":false},"excerpt":{"rendered":"<p>Construire sa typo La typo, c&rsquo;est la vie, en choisir une \u00e7a prend du temps, on cherche, on h\u00e9site, on tergiverse. puis finalement, on fait comme tout le monde et on prend Helvetica. \u00a0 Et si la solution, c&rsquo;\u00e9tait de la cr\u00e9er la typo qu&rsquo;on ne trouve pas ? gr\u00e2ce au conseil de l&rsquo;excellent Thierry [&hellip;]<\/p>\n","protected":false},"author":1,"featured_media":0,"comment_status":"closed","ping_status":"open","sticky":false,"template":"","format":"standard","meta":{"_jetpack_memberships_contains_paid_content":false,"footnotes":""},"categories":[10],"tags":[],"class_list":["post-94","post","type-post","status-publish","format-standard","hentry","category-typographie"],"jetpack_featured_media_url":"","jetpack_sharing_enabled":true,"_links":{"self":[{"href":"https:\/\/3615graphisme.fr\/minitel\/wp-json\/wp\/v2\/posts\/94","targetHints":{"allow":["GET"]}}],"collection":[{"href":"https:\/\/3615graphisme.fr\/minitel\/wp-json\/wp\/v2\/posts"}],"about":[{"href":"https:\/\/3615graphisme.fr\/minitel\/wp-json\/wp\/v2\/types\/post"}],"author":[{"embeddable":true,"href":"https:\/\/3615graphisme.fr\/minitel\/wp-json\/wp\/v2\/users\/1"}],"replies":[{"embeddable":true,"href":"https:\/\/3615graphisme.fr\/minitel\/wp-json\/wp\/v2\/comments?post=94"}],"version-history":[{"count":0,"href":"https:\/\/3615graphisme.fr\/minitel\/wp-json\/wp\/v2\/posts\/94\/revisions"}],"wp:attachment":[{"href":"https:\/\/3615graphisme.fr\/minitel\/wp-json\/wp\/v2\/media?parent=94"}],"wp:term":[{"taxonomy":"category","embeddable":true,"href":"https:\/\/3615graphisme.fr\/minitel\/wp-json\/wp\/v2\/categories?post=94"},{"taxonomy":"post_tag","embeddable":true,"href":"https:\/\/3615graphisme.fr\/minitel\/wp-json\/wp\/v2\/tags?post=94"}],"curies":[{"name":"wp","href":"https:\/\/api.w.org\/{rel}","templated":true}]}}