{"id":19,"date":"2023-12-22T10:42:35","date_gmt":"2023-12-22T10:42:35","guid":{"rendered":"https:\/\/36-15graphisme.fr\/blog\/?p=1"},"modified":"2025-10-04T22:19:00","modified_gmt":"2025-10-04T22:19:00","slug":"mac-ou-pc","status":"publish","type":"post","link":"https:\/\/3615graphisme.fr\/minitel\/mac-ou-pc\/","title":{"rendered":"MAC ou PC ?"},"content":{"rendered":"\t\t<div data-elementor-type=\"wp-post\" data-elementor-id=\"19\" class=\"elementor elementor-19\">\n\t\t\t\t<div class=\"elementor-element elementor-element-5b1a7cb e-con-full e-flex e-con e-parent\" data-id=\"5b1a7cb\" data-element_type=\"container\" data-e-type=\"container\">\n\t\t<div class=\"elementor-element elementor-element-9da65cb e-con-full e-flex e-con e-child\" data-id=\"9da65cb\" data-element_type=\"container\" data-e-type=\"container\">\n\t\t\t\t<div class=\"elementor-element elementor-element-41ec1e11 elementor-widget elementor-widget-text-editor\" data-id=\"41ec1e11\" data-element_type=\"widget\" data-e-type=\"widget\" data-widget_type=\"text-editor.default\">\n\t\t\t\t\t\t\t\t\t<p>En graphisme, \u00e0 moins de faire uniquement du traditionnel, ou de vivre en 1950, on utilise un ordinateur. <br \/>Et l\u00e0, j&rsquo;aborde un sujet clivant ! Sortez les plumes, le goudron, les arguments fallacieux et la mauvaise foie !!\u00a0\u00a0<br \/><br \/>Mac ou PC ? \u00e0 vrais dire, il n&rsquo;y a pas de bonne r\u00e9ponse, choisir un ordinateur, c&rsquo;est avant tout choisir un outil de travail. Et pour choisir le bon outil de travail, il faut avoir d\u00e9fini comment on travaille. De quoi, on a besoins, de quoi on a envie.<\/p>\n<p>Et surtout bien faire la diff\u00e9rence entre les deux et autre raisonnement de ce type.<\/p>\n<p>\u00a0<br \/>Un graphiste avec de la bouteille a d\u00e9j\u00e0 r\u00e9dig\u00e9 <a href=\"https:\/\/mariejulien.com\/post\/2008\/07\/25\/Un-mac-cest-quand-meme-bien-mieux-pour-un-graphiste\" target=\"_blank\" rel=\"noopener\">cet article<\/a>, je vous le partage en guise de cadeau !<\/p>\n<p>Bonne lecture\u00a0<\/p>\n<p><!-- \/wp:paragraph --><\/p>\t\t\t\t\t\t\t\t<\/div>\n\t\t\t\t<\/div>\n\t\t<div class=\"elementor-element elementor-element-1e7e523 e-con-full e-flex e-con e-child\" data-id=\"1e7e523\" data-element_type=\"container\" data-e-type=\"container\">\n\t\t\t\t<div class=\"elementor-element elementor-element-34efcd5 elementor-widget elementor-widget-image\" data-id=\"34efcd5\" data-element_type=\"widget\" data-e-type=\"widget\" data-widget_type=\"image.default\">\n\t\t\t\t\t\t\t\t\t\t\t\t\t\t\t<img fetchpriority=\"high\" decoding=\"async\" width=\"800\" height=\"534\" src=\"https:\/\/i0.wp.com\/3615graphisme.fr\/minitel\/wp-content\/uploads\/2023\/12\/MAC-ou-PC-.webp?fit=800%2C534&amp;ssl=1\" class=\"attachment-large size-large wp-image-1255\" alt=\"MAC ou PC\" srcset=\"https:\/\/i0.wp.com\/3615graphisme.fr\/minitel\/wp-content\/uploads\/2023\/12\/MAC-ou-PC-.webp?w=1024&amp;ssl=1 1024w, https:\/\/i0.wp.com\/3615graphisme.fr\/minitel\/wp-content\/uploads\/2023\/12\/MAC-ou-PC-.webp?resize=300%2C200&amp;ssl=1 300w, https:\/\/i0.wp.com\/3615graphisme.fr\/minitel\/wp-content\/uploads\/2023\/12\/MAC-ou-PC-.webp?resize=768%2C512&amp;ssl=1 768w\" sizes=\"(max-width: 800px) 100vw, 800px\" \/>\t\t\t\t\t\t\t\t\t\t\t\t\t\t\t<\/div>\n\t\t\t\t<\/div>\n\t\t\t\t<\/div>\n\t\t<div class=\"elementor-element elementor-element-271eb532 e-flex e-con-boxed e-con e-parent\" data-id=\"271eb532\" data-element_type=\"container\" data-e-type=\"container\">\n\t\t\t\t\t<div class=\"e-con-inner\">\n\t\t\t\t<div class=\"elementor-element elementor-element-80127cc elementor-widget elementor-widget-image\" data-id=\"80127cc\" data-element_type=\"widget\" data-e-type=\"widget\" data-widget_type=\"image.default\">\n\t\t\t\t\t\t\t\t\t\t\t\t\t\t\t<img data-recalc-dims=\"1\" decoding=\"async\" src=\"https:\/\/i0.wp.com\/36-15graphisme.fr\/blog\/wp-content\/uploads\/2024\/01\/bureau-desordonne-vieil-ordinateur-vieux-nature-morte.jpg?w=800&#038;ssl=1\" title=\"\" alt=\"\" loading=\"lazy\" \/>\t\t\t\t\t\t\t\t\t\t\t\t\t\t\t<\/div>\n\t\t\t\t\t<\/div>\n\t\t\t\t<\/div>\n\t\t\t\t<\/div>\n\t\t","protected":false},"excerpt":{"rendered":"<p>En graphisme, \u00e0 moins de faire uniquement du traditionnel, ou de vivre en 1950, on utilise un ordinateur. Et l\u00e0, j&rsquo;aborde un sujet clivant ! Mac ou PC ? \u00e0 vrais dire, il n&rsquo;y a pas de bonne r\u00e9ponse, choisir un ordinateur, c&rsquo;est avant tout choisir un outil de travail. Et pour choisir le bon [&hellip;]<\/p>\n","protected":false},"author":1,"featured_media":1255,"comment_status":"closed","ping_status":"open","sticky":false,"template":"","format":"standard","meta":{"_jetpack_memberships_contains_paid_content":false,"footnotes":""},"categories":[9],"tags":[],"class_list":["post-19","post","type-post","status-publish","format-standard","has-post-thumbnail","hentry","category-trucs-et-astuces"],"jetpack_featured_media_url":"https:\/\/i0.wp.com\/3615graphisme.fr\/minitel\/wp-content\/uploads\/2023\/12\/MAC-ou-PC-.webp?fit=1024%2C683&ssl=1","jetpack_sharing_enabled":true,"_links":{"self":[{"href":"https:\/\/3615graphisme.fr\/minitel\/wp-json\/wp\/v2\/posts\/19","targetHints":{"allow":["GET"]}}],"collection":[{"href":"https:\/\/3615graphisme.fr\/minitel\/wp-json\/wp\/v2\/posts"}],"about":[{"href":"https:\/\/3615graphisme.fr\/minitel\/wp-json\/wp\/v2\/types\/post"}],"author":[{"embeddable":true,"href":"https:\/\/3615graphisme.fr\/minitel\/wp-json\/wp\/v2\/users\/1"}],"replies":[{"embeddable":true,"href":"https:\/\/3615graphisme.fr\/minitel\/wp-json\/wp\/v2\/comments?post=19"}],"version-history":[{"count":0,"href":"https:\/\/3615graphisme.fr\/minitel\/wp-json\/wp\/v2\/posts\/19\/revisions"}],"wp:featuredmedia":[{"embeddable":true,"href":"https:\/\/3615graphisme.fr\/minitel\/wp-json\/wp\/v2\/media\/1255"}],"wp:attachment":[{"href":"https:\/\/3615graphisme.fr\/minitel\/wp-json\/wp\/v2\/media?parent=19"}],"wp:term":[{"taxonomy":"category","embeddable":true,"href":"https:\/\/3615graphisme.fr\/minitel\/wp-json\/wp\/v2\/categories?post=19"},{"taxonomy":"post_tag","embeddable":true,"href":"https:\/\/3615graphisme.fr\/minitel\/wp-json\/wp\/v2\/tags?post=19"}],"curies":[{"name":"wp","href":"https:\/\/api.w.org\/{rel}","templated":true}]}}